{"id":1696,"date":"2024-03-30T19:06:34","date_gmt":"2024-03-30T18:06:34","guid":{"rendered":"https:\/\/parafia-mm-dobrodzien.pl\/?p=1696"},"modified":"2024-03-31T14:55:46","modified_gmt":"2024-03-31T12:55:46","slug":"fotorelacja-z-mszy-wieczerzy-panskiej-wielki-czwartek-2","status":"publish","type":"post","link":"https:\/\/parafia-mm-dobrodzien.pl\/index.php\/2024\/03\/30\/fotorelacja-z-mszy-wieczerzy-panskiej-wielki-czwartek-2\/","title":{"rendered":"Fotorelacja z Mszy wieczerzy Pa\u0144skiej &#8211; Wielki Czwartek."},"content":{"rendered":"\n<a href=\"https:\/\/parafia-mm-dobrodzien.pl\/index.php\/msza-wieczerzy-panskiej-wielki-czwartek-28-03-2024\/\">Msza Wieczerzy Pa\u0144skiej- Wielki Czwartek 28.03. 2024<\/a>\n\n\n\n<p>Aby zobaczy\u0107 zdj\u0119cia prosz\u0119 klikn\u0105\u0107 w niebieski napis \u201eMsza Wieczerzy Pa\u0144skiej\u201d<\/p>\n","protected":false},"excerpt":{"rendered":"<p>Msza Wieczerzy Pa\u0144skiej- Wielki Czwartek 28.03. 2024 Aby zobaczy\u0107 zdj\u0119cia prosz\u0119 klikn\u0105\u0107 w niebieski napis \u201eMsza Wieczerzy Pa\u0144skiej\u201d<\/p>\n","protected":false},"author":2,"featured_media":1692,"comment_status":"closed","ping_status":"open","sticky":false,"template":"","format":"standard","meta":{"colormag_page_container_layout":"no_sidebar_full_width","colormag_page_sidebar_layout":"no_sidebar","footnotes":""},"categories":[14],"tags":[],"class_list":["post-1696","post","type-post","status-publish","format-standard","has-post-thumbnail","hentry","category-wpisy-na-stronie-glownej"],"_links":{"self":[{"href":"https:\/\/parafia-mm-dobrodzien.pl\/index.php\/wp-json\/wp\/v2\/posts\/1696","targetHints":{"allow":["GET"]}}],"collection":[{"href":"https:\/\/parafia-mm-dobrodzien.pl\/index.php\/wp-json\/wp\/v2\/posts"}],"about":[{"href":"https:\/\/parafia-mm-dobrodzien.pl\/index.php\/wp-json\/wp\/v2\/types\/post"}],"author":[{"embeddable":true,"href":"https:\/\/parafia-mm-dobrodzien.pl\/index.php\/wp-json\/wp\/v2\/users\/2"}],"replies":[{"embeddable":true,"href":"https:\/\/parafia-mm-dobrodzien.pl\/index.php\/wp-json\/wp\/v2\/comments?post=1696"}],"version-history":[{"count":2,"href":"https:\/\/parafia-mm-dobrodzien.pl\/index.php\/wp-json\/wp\/v2\/posts\/1696\/revisions"}],"predecessor-version":[{"id":2056,"href":"https:\/\/parafia-mm-dobrodzien.pl\/index.php\/wp-json\/wp\/v2\/posts\/1696\/revisions\/2056"}],"wp:featuredmedia":[{"embeddable":true,"href":"https:\/\/parafia-mm-dobrodzien.pl\/index.php\/wp-json\/wp\/v2\/media\/1692"}],"wp:attachment":[{"href":"https:\/\/parafia-mm-dobrodzien.pl\/index.php\/wp-json\/wp\/v2\/media?parent=1696"}],"wp:term":[{"taxonomy":"category","embeddable":true,"href":"https:\/\/parafia-mm-dobrodzien.pl\/index.php\/wp-json\/wp\/v2\/categories?post=1696"},{"taxonomy":"post_tag","embeddable":true,"href":"https:\/\/parafia-mm-dobrodzien.pl\/index.php\/wp-json\/wp\/v2\/tags?post=1696"}],"curies":[{"name":"wp","href":"https:\/\/api.w.org\/{rel}","templated":true}]}}