{"id":1903,"date":"2026-04-12T22:53:43","date_gmt":"2026-04-12T20:53:43","guid":{"rendered":"https:\/\/parafia-mm-dobrodzien.pl\/?p=1903"},"modified":"2026-04-13T06:25:18","modified_gmt":"2026-04-13T04:25:18","slug":"zapraszamy-serdecznie-do-obejrzenia-nowych-ogloszen-parafialnych-2","status":"publish","type":"post","link":"https:\/\/parafia-mm-dobrodzien.pl\/index.php\/2026\/04\/12\/zapraszamy-serdecznie-do-obejrzenia-nowych-ogloszen-parafialnych-2\/","title":{"rendered":"Zapraszamy serdecznie do obejrzenia nowych og\u0142osze\u0144 parafialnych."},"content":{"rendered":"\n<a href=\"https:\/\/parafia-mm-dobrodzien.pl\/wp-content\/uploads\/2026\/04\/2-Wielkanocna-2026r.pdf\">Aktualne og\u0142oszenia parafialne<\/a>\n\n\n\n<p class=\"has-cyan-bluish-gray-color has-text-color has-link-color wp-elements-b5f099a8d10f700de0716e9ee1890645\">Nowe og\u0142oszenia znajduj\u0105 si\u0119 w zak\u0142adce &#8222;Aktualne Og\u0142oszenia&#8221; po prawej stronie .<\/p>\n\n\n\n<p class=\"has-medium-font-size\"><\/p>\n\n\n\n<p><\/p>\n","protected":false},"excerpt":{"rendered":"<p>Aktualne og\u0142oszenia parafialne Nowe og\u0142oszenia znajduj\u0105 si\u0119 w zak\u0142adce &#8222;Aktualne Og\u0142oszenia&#8221; po prawej stronie .<\/p>\n","protected":false},"author":1,"featured_media":2270,"comment_status":"closed","ping_status":"open","sticky":false,"template":"","format":"standard","meta":{"colormag_page_container_layout":"no_sidebar_full_width","colormag_page_sidebar_layout":"no_sidebar","footnotes":""},"categories":[14],"tags":[],"class_list":["post-1903","post","type-post","status-publish","format-standard","has-post-thumbnail","hentry","category-wpisy-na-stronie-glownej"],"_links":{"self":[{"href":"https:\/\/parafia-mm-dobrodzien.pl\/index.php\/wp-json\/wp\/v2\/posts\/1903","targetHints":{"allow":["GET"]}}],"collection":[{"href":"https:\/\/parafia-mm-dobrodzien.pl\/index.php\/wp-json\/wp\/v2\/posts"}],"about":[{"href":"https:\/\/parafia-mm-dobrodzien.pl\/index.php\/wp-json\/wp\/v2\/types\/post"}],"author":[{"embeddable":true,"href":"https:\/\/parafia-mm-dobrodzien.pl\/index.php\/wp-json\/wp\/v2\/users\/1"}],"replies":[{"embeddable":true,"href":"https:\/\/parafia-mm-dobrodzien.pl\/index.php\/wp-json\/wp\/v2\/comments?post=1903"}],"version-history":[{"count":44,"href":"https:\/\/parafia-mm-dobrodzien.pl\/index.php\/wp-json\/wp\/v2\/posts\/1903\/revisions"}],"predecessor-version":[{"id":2271,"href":"https:\/\/parafia-mm-dobrodzien.pl\/index.php\/wp-json\/wp\/v2\/posts\/1903\/revisions\/2271"}],"wp:featuredmedia":[{"embeddable":true,"href":"https:\/\/parafia-mm-dobrodzien.pl\/index.php\/wp-json\/wp\/v2\/media\/2270"}],"wp:attachment":[{"href":"https:\/\/parafia-mm-dobrodzien.pl\/index.php\/wp-json\/wp\/v2\/media?parent=1903"}],"wp:term":[{"taxonomy":"category","embeddable":true,"href":"https:\/\/parafia-mm-dobrodzien.pl\/index.php\/wp-json\/wp\/v2\/categories?post=1903"},{"taxonomy":"post_tag","embeddable":true,"href":"https:\/\/parafia-mm-dobrodzien.pl\/index.php\/wp-json\/wp\/v2\/tags?post=1903"}],"curies":[{"name":"wp","href":"https:\/\/api.w.org\/{rel}","templated":true}]}}