{"id":2100,"date":"2025-04-21T12:48:36","date_gmt":"2025-04-21T10:48:36","guid":{"rendered":"https:\/\/parafia-mm-dobrodzien.pl\/?p=2100"},"modified":"2025-04-21T12:53:48","modified_gmt":"2025-04-21T10:53:48","slug":"dzis-rano-21-04-zmarl-papiez-franciszek","status":"publish","type":"post","link":"https:\/\/parafia-mm-dobrodzien.pl\/index.php\/2025\/04\/21\/dzis-rano-21-04-zmarl-papiez-franciszek\/","title":{"rendered":"Dzi\u015b rano (21.04.2025r.) zmar\u0142 Papie\u017c Franciszek."},"content":{"rendered":"\n<p>Zgodnie ze swoj\u0105 wol\u0105 zostanie pochowany w rzymskiej Bazylice Matki Bo\u017cej Wi\u0119kszej. <\/p>\n\n\n\n<p>Wieczny odpoczynek racz mu da\u0107, Panie, a \u015bwiat\u0142o\u015b\u0107 wiekuista niechaj mu \u015bwieci. Niech odpoczywa w pokoju wiecznym. Amen<\/p>\n\n\n\n<p style=\"font-size:10px\">~ zdj\u0119cie pochodzi od Radia Doxa<\/p>\n\n\n\n<p><\/p>\n","protected":false},"excerpt":{"rendered":"<p>Zgodnie ze swoj\u0105 wol\u0105 zostanie pochowany w rzymskiej Bazylice Matki Bo\u017cej Wi\u0119kszej. Wieczny odpoczynek racz mu da\u0107, Panie, a \u015bwiat\u0142o\u015b\u0107<\/p>\n","protected":false},"author":2,"featured_media":2101,"comment_status":"closed","ping_status":"open","sticky":false,"template":"","format":"standard","meta":{"colormag_page_container_layout":"default_layout","colormag_page_sidebar_layout":"default_layout","footnotes":""},"categories":[14],"tags":[],"class_list":["post-2100","post","type-post","status-publish","format-standard","has-post-thumbnail","hentry","category-wpisy-na-stronie-glownej"],"_links":{"self":[{"href":"https:\/\/parafia-mm-dobrodzien.pl\/index.php\/wp-json\/wp\/v2\/posts\/2100","targetHints":{"allow":["GET"]}}],"collection":[{"href":"https:\/\/parafia-mm-dobrodzien.pl\/index.php\/wp-json\/wp\/v2\/posts"}],"about":[{"href":"https:\/\/parafia-mm-dobrodzien.pl\/index.php\/wp-json\/wp\/v2\/types\/post"}],"author":[{"embeddable":true,"href":"https:\/\/parafia-mm-dobrodzien.pl\/index.php\/wp-json\/wp\/v2\/users\/2"}],"replies":[{"embeddable":true,"href":"https:\/\/parafia-mm-dobrodzien.pl\/index.php\/wp-json\/wp\/v2\/comments?post=2100"}],"version-history":[{"count":3,"href":"https:\/\/parafia-mm-dobrodzien.pl\/index.php\/wp-json\/wp\/v2\/posts\/2100\/revisions"}],"predecessor-version":[{"id":2104,"href":"https:\/\/parafia-mm-dobrodzien.pl\/index.php\/wp-json\/wp\/v2\/posts\/2100\/revisions\/2104"}],"wp:featuredmedia":[{"embeddable":true,"href":"https:\/\/parafia-mm-dobrodzien.pl\/index.php\/wp-json\/wp\/v2\/media\/2101"}],"wp:attachment":[{"href":"https:\/\/parafia-mm-dobrodzien.pl\/index.php\/wp-json\/wp\/v2\/media?parent=2100"}],"wp:term":[{"taxonomy":"category","embeddable":true,"href":"https:\/\/parafia-mm-dobrodzien.pl\/index.php\/wp-json\/wp\/v2\/categories?post=2100"},{"taxonomy":"post_tag","embeddable":true,"href":"https:\/\/parafia-mm-dobrodzien.pl\/index.php\/wp-json\/wp\/v2\/tags?post=2100"}],"curies":[{"name":"wp","href":"https:\/\/api.w.org\/{rel}","templated":true}]}}