{"id":814,"date":"2022-05-22T12:09:50","date_gmt":"2022-05-22T10:09:50","guid":{"rendered":"https:\/\/parafia-mm-dobrodzien.pl\/?p=814"},"modified":"2022-05-22T12:09:50","modified_gmt":"2022-05-22T10:09:50","slug":"dzis-swoja-7-rocznice-swiecen-kaplanskich-obchodzi-ksiadz-wikariusz-dominik-mamelka","status":"publish","type":"post","link":"https:\/\/parafia-mm-dobrodzien.pl\/index.php\/2022\/05\/22\/dzis-swoja-7-rocznice-swiecen-kaplanskich-obchodzi-ksiadz-wikariusz-dominik-mamelka\/","title":{"rendered":"Dzi\u015b swoj\u0105 7. rocznic\u0119 \u015bwi\u0119ce\u0144 kap\u0142a\u0144skich obchodzi ksi\u0105dz wikariusz Dominik Mame\u0142ka !"},"content":{"rendered":"\n<p>\u017byczymy obfito\u015bci \u0142ask bo\u017cych oraz wytrwa\u0142o\u015bci w pe\u0142nieniu kap\u0142a\u0144skiej pos\u0142ugi !<\/p>\n","protected":false},"excerpt":{"rendered":"<p>\u017byczymy obfito\u015bci \u0142ask bo\u017cych oraz wytrwa\u0142o\u015bci w pe\u0142nieniu kap\u0142a\u0144skiej pos\u0142ugi !<\/p>\n","protected":false},"author":2,"featured_media":815,"comment_status":"closed","ping_status":"open","sticky":false,"template":"","format":"standard","meta":{"colormag_page_container_layout":"no_sidebar_full_width","colormag_page_sidebar_layout":"no_sidebar","footnotes":""},"categories":[14],"tags":[],"class_list":["post-814","post","type-post","status-publish","format-standard","has-post-thumbnail","hentry","category-wpisy-na-stronie-glownej"],"_links":{"self":[{"href":"https:\/\/parafia-mm-dobrodzien.pl\/index.php\/wp-json\/wp\/v2\/posts\/814","targetHints":{"allow":["GET"]}}],"collection":[{"href":"https:\/\/parafia-mm-dobrodzien.pl\/index.php\/wp-json\/wp\/v2\/posts"}],"about":[{"href":"https:\/\/parafia-mm-dobrodzien.pl\/index.php\/wp-json\/wp\/v2\/types\/post"}],"author":[{"embeddable":true,"href":"https:\/\/parafia-mm-dobrodzien.pl\/index.php\/wp-json\/wp\/v2\/users\/2"}],"replies":[{"embeddable":true,"href":"https:\/\/parafia-mm-dobrodzien.pl\/index.php\/wp-json\/wp\/v2\/comments?post=814"}],"version-history":[{"count":1,"href":"https:\/\/parafia-mm-dobrodzien.pl\/index.php\/wp-json\/wp\/v2\/posts\/814\/revisions"}],"predecessor-version":[{"id":816,"href":"https:\/\/parafia-mm-dobrodzien.pl\/index.php\/wp-json\/wp\/v2\/posts\/814\/revisions\/816"}],"wp:featuredmedia":[{"embeddable":true,"href":"https:\/\/parafia-mm-dobrodzien.pl\/index.php\/wp-json\/wp\/v2\/media\/815"}],"wp:attachment":[{"href":"https:\/\/parafia-mm-dobrodzien.pl\/index.php\/wp-json\/wp\/v2\/media?parent=814"}],"wp:term":[{"taxonomy":"category","embeddable":true,"href":"https:\/\/parafia-mm-dobrodzien.pl\/index.php\/wp-json\/wp\/v2\/categories?post=814"},{"taxonomy":"post_tag","embeddable":true,"href":"https:\/\/parafia-mm-dobrodzien.pl\/index.php\/wp-json\/wp\/v2\/tags?post=814"}],"curies":[{"name":"wp","href":"https:\/\/api.w.org\/{rel}","templated":true}]}}