{"id":919,"date":"2022-07-19T23:16:47","date_gmt":"2022-07-19T21:16:47","guid":{"rendered":"https:\/\/parafia-mm-dobrodzien.pl\/?p=919"},"modified":"2022-07-19T23:42:08","modified_gmt":"2022-07-19T21:42:08","slug":"odpust-parafialny-ku-czci-sw-marii-magdaleny","status":"publish","type":"post","link":"https:\/\/parafia-mm-dobrodzien.pl\/index.php\/2022\/07\/19\/odpust-parafialny-ku-czci-sw-marii-magdaleny\/","title":{"rendered":"Fotorelacja z odpustu parafialnego ku czci \u015bw. Marii Magdaleny"},"content":{"rendered":"\n<a href=\"https:\/\/parafia-mm-dobrodzien.pl\/index.php\/odpust-parafialny-ku-czci-sw-marii-magdaleny\/\">Odpust Parafialny ku czci \u015bw. Marii Magdaleny.<\/a>\n\n\n\n<p>Aby zobaczy\u0107 zdj\u0119cia prosz\u0119 klikn\u0105\u0107 w niebieski napis \u201eOdpust Parafialny ku czci \u015bw. Marii Magdaleny \u201d<\/p>\n","protected":false},"excerpt":{"rendered":"<p>Odpust Parafialny ku czci \u015bw. Marii Magdaleny. Aby zobaczy\u0107 zdj\u0119cia prosz\u0119 klikn\u0105\u0107 w niebieski napis \u201eOdpust Parafialny ku czci \u015bw.<\/p>\n","protected":false},"author":2,"featured_media":909,"comment_status":"closed","ping_status":"open","sticky":false,"template":"","format":"standard","meta":{"colormag_page_container_layout":"default_layout","colormag_page_sidebar_layout":"default_layout","footnotes":""},"categories":[14],"tags":[],"class_list":["post-919","post","type-post","status-publish","format-standard","has-post-thumbnail","hentry","category-wpisy-na-stronie-glownej"],"_links":{"self":[{"href":"https:\/\/parafia-mm-dobrodzien.pl\/index.php\/wp-json\/wp\/v2\/posts\/919","targetHints":{"allow":["GET"]}}],"collection":[{"href":"https:\/\/parafia-mm-dobrodzien.pl\/index.php\/wp-json\/wp\/v2\/posts"}],"about":[{"href":"https:\/\/parafia-mm-dobrodzien.pl\/index.php\/wp-json\/wp\/v2\/types\/post"}],"author":[{"embeddable":true,"href":"https:\/\/parafia-mm-dobrodzien.pl\/index.php\/wp-json\/wp\/v2\/users\/2"}],"replies":[{"embeddable":true,"href":"https:\/\/parafia-mm-dobrodzien.pl\/index.php\/wp-json\/wp\/v2\/comments?post=919"}],"version-history":[{"count":8,"href":"https:\/\/parafia-mm-dobrodzien.pl\/index.php\/wp-json\/wp\/v2\/posts\/919\/revisions"}],"predecessor-version":[{"id":938,"href":"https:\/\/parafia-mm-dobrodzien.pl\/index.php\/wp-json\/wp\/v2\/posts\/919\/revisions\/938"}],"wp:featuredmedia":[{"embeddable":true,"href":"https:\/\/parafia-mm-dobrodzien.pl\/index.php\/wp-json\/wp\/v2\/media\/909"}],"wp:attachment":[{"href":"https:\/\/parafia-mm-dobrodzien.pl\/index.php\/wp-json\/wp\/v2\/media?parent=919"}],"wp:term":[{"taxonomy":"category","embeddable":true,"href":"https:\/\/parafia-mm-dobrodzien.pl\/index.php\/wp-json\/wp\/v2\/categories?post=919"},{"taxonomy":"post_tag","embeddable":true,"href":"https:\/\/parafia-mm-dobrodzien.pl\/index.php\/wp-json\/wp\/v2\/tags?post=919"}],"curies":[{"name":"wp","href":"https:\/\/api.w.org\/{rel}","templated":true}]}}